[{"@context":"https:\/\/schema.org\/","@type":"Article","@id":"https:\/\/www.clcomp.cz\/zacnete-efektivni-setrit-se-zateplenim-fasady\/#Article","mainEntityOfPage":"https:\/\/www.clcomp.cz\/zacnete-efektivni-setrit-se-zateplenim-fasady\/","headline":"Za\u010dn\u011bte efektivn\u00ed \u0161et\u0159it se zateplen\u00edm fas\u00e1dy","name":"Za\u010dn\u011bte efektivn\u00ed \u0161et\u0159it se zateplen\u00edm fas\u00e1dy","description":"Mysl\u00edte si, \u017ee \u00fasporu m\u016f\u017eete vytvo\u0159it pouze t\u00edm, \u017ee v\u0161e omez\u00edte, nap\u0159\u00edklad to, \u017ee si nebudete kupovat kvalitn\u00ed j\u00eddlo, anebo t\u0159eba nebudete tolik jezdit se sv\u00fdm autem? Pokud ano, pak [&hellip;]","datePublished":"2023-09-22","dateModified":"2023-09-22","author":{"@type":"Person","@id":"https:\/\/www.clcomp.cz\/author\/devene\/#Person","name":"devene","url":"https:\/\/www.clcomp.cz\/author\/devene\/","identifier":1,"image":{"@type":"ImageObject","@id":"https:\/\/secure.gravatar.com\/avatar\/cc56039f878f8e8e6c7e1eb22b366a601f7187d0f8d182368eef8adef545f35b?s=96&d=mm&r=g","url":"https:\/\/secure.gravatar.com\/avatar\/cc56039f878f8e8e6c7e1eb22b366a601f7187d0f8d182368eef8adef545f35b?s=96&d=mm&r=g","height":96,"width":96}},"publisher":{"@type":"Organization","name":"clcomp.cz","logo":{"@type":"ImageObject","@id":"\/logo.png","url":"\/logo.png","width":600,"height":60}},"url":"https:\/\/www.clcomp.cz\/zacnete-efektivni-setrit-se-zateplenim-fasady\/","wordCount":251,"articleBody":"Mysl\u00edte si, \u017ee \u00fasporu m\u016f\u017eete vytvo\u0159it pouze t\u00edm, \u017ee v\u0161e omez\u00edte, nap\u0159\u00edklad to, \u017ee si nebudete kupovat kvalitn\u00ed j\u00eddlo, anebo t\u0159eba nebudete tolik jezdit se sv\u00fdm autem? Pokud ano, pak m\u00e1te z \u010d\u00e1sti pravdu, ale rozhodn\u011b nemus\u00edte \u00fasporu tvo\u0159it takov\u00fdm drastick\u00fdm zp\u016fsobem. Pr\u00e1v\u011b my v\u00e1m nab\u00edz\u00edme kvalitn\u00ed zateplen\u00ed fas\u00e1dy, kter\u00e9 dok\u00e1\u017ee nejenom d\u016fm kvalitn\u011b izolovat od venkovn\u00edho klimatu, ale tak\u00e9 se m\u016f\u017ee postarat o v\u011bt\u0161\u00ed pohodl\u00ed v\u0161ech obyvatel, kte\u0159\u00ed se v tomto dom\u011b nach\u00e1z\u00ed. Pokud byste m\u011bli z\u00e1jem o tuto skv\u011blou \u00fapravu, pak nev\u00e1hejte a obra\u0165te se na n\u00e1s.Kvalita na prvn\u00edm m\u00edst\u011bV\u00edme, \u017ee pro sv\u016fj d\u016fm chcete jen to nejlep\u0161\u00ed. Proto se sna\u017e\u00edme na\u0161e slu\u017eby neust\u00e1le vylep\u0161ovat a n\u011bjak\u00fdm zp\u016fsobem zv\u00fdhod\u0148ovat, aby v\u00e1s kone\u010dn\u00e1 \u00faprava nest\u00e1l\u00e1 mnoho. V z\u00e1v\u011bru se tedy jedn\u00e1 o b\u00e1je\u010dnou z\u00e1le\u017eitost, kterou si obl\u00edb\u00edte p\u0159edev\u0161\u00edm d\u00edky jej\u00ed funkci. Tou je zamezen\u00ed vniku hork\u00e9ho vzduchu dovnit\u0159 va\u0161eho bytu, a to p\u0159edev\u0161\u00edm v l\u00e9t\u011b, kdy je to ne\u017e\u00e1douc\u00ed, tak v zim\u011b, kdy naopak p\u0159\u00edjemn\u00e9 klima nebude unikat z va\u0161eho domu ven, co\u017e by se projevilo na vy\u0161\u0161\u00edch v\u00fddaj\u00edch na energi\u00edch.                                                                                                                                                                                                                                                                                                                                                                                        4\/5 - (8 votes)        "},{"@context":"https:\/\/schema.org\/","@type":"BreadcrumbList","itemListElement":[{"@type":"ListItem","position":1,"name":"Za\u010dn\u011bte efektivn\u00ed \u0161et\u0159it se zateplen\u00edm fas\u00e1dy","item":"https:\/\/www.clcomp.cz\/zacnete-efektivni-setrit-se-zateplenim-fasady\/#breadcrumbitem"}]}]