[{"@context":"https:\/\/schema.org\/","@type":"Article","@id":"https:\/\/www.clcomp.cz\/projedte-si-prahu-s-pronajatou-dodavkou\/#Article","mainEntityOfPage":"https:\/\/www.clcomp.cz\/projedte-si-prahu-s-pronajatou-dodavkou\/","headline":"Proje\u010fte si Prahu s pronajatou dod\u00e1vkou","name":"Proje\u010fte si Prahu s pronajatou dod\u00e1vkou","description":"Pronajmout si v\u016fz z p\u016fj\u010dovny dod\u00e1vek v Praze 6 a procestovat s n\u00edm Prahu? Nen\u00ed to tak trochu nesmysl? Ne, ur\u010dit\u011b nen\u00ed, proto\u017ee Praha stoj\u00ed za to, abyste ji nahl\u00e9dli [&hellip;]","datePublished":"2024-03-15","dateModified":"2024-04-17","author":{"@type":"Person","@id":"https:\/\/www.clcomp.cz\/author\/devene\/#Person","name":"devene","url":"https:\/\/www.clcomp.cz\/author\/devene\/","identifier":1,"image":{"@type":"ImageObject","@id":"https:\/\/secure.gravatar.com\/avatar\/cc56039f878f8e8e6c7e1eb22b366a601f7187d0f8d182368eef8adef545f35b?s=96&d=mm&r=g","url":"https:\/\/secure.gravatar.com\/avatar\/cc56039f878f8e8e6c7e1eb22b366a601f7187d0f8d182368eef8adef545f35b?s=96&d=mm&r=g","height":96,"width":96}},"publisher":{"@type":"Organization","name":"clcomp.cz","logo":{"@type":"ImageObject","@id":"\/logo.png","url":"\/logo.png","width":600,"height":60}},"image":{"@type":"ImageObject","@id":"https:\/\/www.clcomp.cz\/wp-content\/uploads\/prague-1912732_640.jpg","url":"https:\/\/www.clcomp.cz\/wp-content\/uploads\/prague-1912732_640.jpg","height":0,"width":0},"url":"https:\/\/www.clcomp.cz\/projedte-si-prahu-s-pronajatou-dodavkou\/","about":["Business"],"wordCount":443,"articleBody":"   Pronajmout si v\u016fz z p\u016fj\u010dovny dod\u00e1vek v Praze 6 a procestovat s n\u00edm Prahu? Nen\u00ed to tak trochu nesmysl? Ne, ur\u010dit\u011b nen\u00ed, proto\u017ee Praha stoj\u00ed za to, abyste ji nahl\u00e9dli pod pokli\u010dku, a dod\u00e1vka se k tomu m\u016f\u017ee hodit. M\u00e1te vlastn\u011b dv\u011b mo\u017enosti, jak to ud\u011blat:Mikrobus \u2013 p\u016fj\u010dovna dod\u00e1vek v\u00e1m zajist\u00ed mikrobus pro osm cestuj\u00edc\u00edch plus pro \u0159idi\u010de, tedy celkem pro dev\u011bt osob. V \u0159\u00edzen\u00ed se m\u016f\u017eete vyst\u0159\u00eddat a projet si Prahu a jej\u00ed bl\u00edzk\u00e9 okol\u00ed podobn\u011b, jako to prov\u00e1d\u00ed zahrani\u010dn\u00ed turist\u00e9, kte\u0159\u00ed tu obdivuj\u00ed Karl\u016fv most nebo Starom\u011bstsk\u00fd orloj. Nemus\u00edte v\u0161ak m\u00ed\u0159it jen do centra m\u011bsta, zaj\u00edmav\u00e9 jsou i jeho okrajov\u00e9 \u010d\u00e1sti. T\u00edm nem\u00e1me na mysli zrovna panelov\u00e1 s\u00eddli\u0161t\u011b, ale n\u011bkter\u00e9 historick\u00e9 pam\u00e1tky a p\u0159\u00edrodn\u00ed kr\u00e1sy. Praha je velmi \u010dlenit\u00e1 a kopcovit\u00e1, a kdo ji nezn\u00e1, m\u016f\u017ee b\u00fdt z tohoto poznatku celkem p\u0159\u00edjemn\u011b p\u0159ekvapen. Kup\u0159\u00edkladu v Praze \u0158ep\u00edch na \u017eelezni\u010dn\u00ed trati v ulici Za H\u00e1j\u010d\u00edm dvorcem se nach\u00e1z\u00ed zaj\u00edmav\u00e1 stavba barokn\u00ed kaple Nalezen\u00ed sv. K\u0159\u00ed\u017ee a sv. Heleny z poloviny 18. stolet\u00ed, z\u0159ejm\u011b od stavitele Ign\u00e1ce Dientzenhofera. A tu byste mezi panel\u00e1ky \u0159epsk\u00e9ho s\u00eddli\u0161t\u011b rozhodn\u011b neo\u010dek\u00e1vali.A pokud r\u00e1di sledujete letadla, m\u00e1te skv\u011blou mo\u017enost pozorovat p\u0159ist\u00e1vaj\u00edc\u00ed stroje mezi P\u0159edn\u00ed Kopaninou a Tuchom\u011b\u0159icemi na kruhov\u00e9m objezdu v sousedstv\u00ed nov\u011b vybudovan\u00e9ho obchodn\u00edho centra.Dod\u00e1vka s n\u00e1kladov\u00fdm prostorem \u2013 tento v\u016fz se v\u00e1m m\u016f\u017ee hodit pro ulo\u017een\u00ed j\u00edzdn\u00edch kol. Budete se s n\u00edm p\u0159esouvat z jedn\u00e9 lokality do druh\u00e9, ani\u017e byste byli z\u00e1visl\u00ed na m\u011bstsk\u00e9 doprav\u011b. V Praze v\u00e1m j\u00edzdn\u00ed kola mohou p\u0159ijmout k p\u0159eprav\u011b pouze vozy metra nebo n\u011bkter\u00e9 vlakov\u00e9 soupravy, a jestli\u017ee budete p\u0159epravovat kola pro \u0161est osob v r\u00e1mci cel\u00e9 rodiny, m\u016f\u017ee to b\u00fdt docela velk\u00fd probl\u00e9m. A kam se s j\u00edzdn\u00edmi koly vypravit? Nap\u0159\u00edklad do p\u0159\u00edrodn\u00edho parku \u0160\u00e1rka \u2013 Lysolaje, jedn\u00e1 se o pom\u011brn\u011b rozs\u00e1hl\u00e9 \u00fazem\u00ed s mnoha skalisky a kr\u00e1sn\u00fdmi vyhl\u00eddkami, \u017ee byste a\u017e nev\u011b\u0159ili, \u017ee pr\u00e1v\u011b n\u011bco takov\u00e9ho je mo\u017en\u00e9 spat\u0159it pr\u00e1v\u011b v Praze. Uj\u00edt byste si nem\u011bli nechat ani Prokopsk\u00e9 \u00fadol\u00ed, Stromovku nebo Hostiva\u0159skou p\u0159ehradu, a samoz\u0159ejm\u011b ani Pet\u0159\u00edn.                                                                                                                                                                                                                                                                                                                                                                                          3.1\/5 - (7 votes)        "},{"@context":"https:\/\/schema.org\/","@type":"BreadcrumbList","itemListElement":[{"@type":"ListItem","position":1,"name":"Proje\u010fte si Prahu s pronajatou dod\u00e1vkou","item":"https:\/\/www.clcomp.cz\/projedte-si-prahu-s-pronajatou-dodavkou\/#breadcrumbitem"}]}]