[{"@context":"https:\/\/schema.org\/","@type":"Article","@id":"https:\/\/www.clcomp.cz\/polstare-jako-krasna-dekorace-v-nasich-bytech\/#Article","mainEntityOfPage":"https:\/\/www.clcomp.cz\/polstare-jako-krasna-dekorace-v-nasich-bytech\/","headline":"Pol\u0161t\u00e1\u0159e jako kr\u00e1sn\u00e1 dekorace v na\u0161ich bytech","name":"Pol\u0161t\u00e1\u0159e jako kr\u00e1sn\u00e1 dekorace v na\u0161ich bytech","description":"Pol\u0161t\u00e1\u0159e, kter\u00e9 nejsou ur\u010deny p\u0159\u00edmo pro sp\u00e1nek, nemus\u00edme u nich kl\u00e1st d\u016fraz na v\u00fdpl\u0148. Ur\u010dit\u011b n\u00e1m posta\u010d\u00ed molitanov\u00e1 dr\u0165, kter\u00e1 m\u00e1 vl\u00eddnou cenu a pol\u0161t\u00e1\u0159e jsou lehk\u00e9 a objemn\u00e9. Tyto [&hellip;]","datePublished":"2020-02-01","dateModified":"2023-06-08","author":{"@type":"Person","@id":"https:\/\/www.clcomp.cz\/author\/devene\/#Person","name":"devene","url":"https:\/\/www.clcomp.cz\/author\/devene\/","identifier":1,"image":{"@type":"ImageObject","@id":"https:\/\/secure.gravatar.com\/avatar\/cc56039f878f8e8e6c7e1eb22b366a601f7187d0f8d182368eef8adef545f35b?s=96&d=mm&r=g","url":"https:\/\/secure.gravatar.com\/avatar\/cc56039f878f8e8e6c7e1eb22b366a601f7187d0f8d182368eef8adef545f35b?s=96&d=mm&r=g","height":96,"width":96}},"publisher":{"@type":"Organization","name":"clcomp.cz","logo":{"@type":"ImageObject","@id":"\/logo.png","url":"\/logo.png","width":600,"height":60}},"image":{"@type":"ImageObject","@id":"https:\/\/www.clcomp.cz\/wp-content\/uploads\/img_a370814_w4349_t1582529035.jpg","url":"https:\/\/www.clcomp.cz\/wp-content\/uploads\/img_a370814_w4349_t1582529035.jpg","height":0,"width":0},"url":"https:\/\/www.clcomp.cz\/polstare-jako-krasna-dekorace-v-nasich-bytech\/","about":["Byt"],"wordCount":444,"articleBody":"Pol\u0161t\u00e1\u0159e, kter\u00e9 nejsou ur\u010deny p\u0159\u00edmo pro sp\u00e1nek, nemus\u00edme u nich kl\u00e1st d\u016fraz na v\u00fdpl\u0148. Ur\u010dit\u011b n\u00e1m posta\u010d\u00ed molitanov\u00e1 dr\u0165, kter\u00e1 m\u00e1 vl\u00eddnou cenu a pol\u0161t\u00e1\u0159e jsou lehk\u00e9 a objemn\u00e9. Tyto pol\u0161t\u00e1\u0159e bychom nem\u011bli tolik pou\u017e\u00edvat pod hlavu p\u0159i \u010dten\u00ed nebo p\u0159i sledov\u00e1n\u00ed televize, jeliko\u017e se n\u00e1m pak prole\u017e\u00ed a nebudou m\u00edt kr\u00e1sn\u00fd tvar. D\u00e1le bychom m\u011bli db\u00e1t na to, \u017ee molitanov\u00e1 dr\u0165 se ned\u00e1 tolik pr\u00e1t, tak\u017ee bychom si na dekorativn\u00ed pol\u0161t\u00e1\u0159e m\u011bli koupit n\u011bjak\u00e9 kr\u00e1sn\u00e9 povlaky, kter\u00e9 se daj\u00ed vyprat.\tJak\u00fd vybrat tvar pol\u0161t\u00e1\u0159e to u\u017e z\u00e1le\u017e\u00ed jen na v\u00e1s. Vyb\u00edrat m\u016f\u017eete \u010dtvercov\u00e9, ov\u00e1ln\u00e9, obd\u00e9ln\u00edkov\u00e9, kulat\u00e9 nebo tak\u00e9 pol\u0161t\u00e1\u0159e pro d\u011bti ve tvaru slun\u00ed\u010dka, hv\u011bzdi\u010dky \u010di n\u011bjak\u00fdch postavi\u010dek. V&nbsp;m\u00f3d\u011b jsou geometrick\u00e9 tvary, punt\u00edky, kv\u011btinov\u00e9 vzory nebo pleten\u00e9 pol\u0161t\u00e1\u0159e. Jestli m\u00e1te modern\u00ed byt, volte pol\u0161t\u00e1\u0159e jen jednobarevn\u00e9. Trendem dne\u0161n\u00ed doby jsou d\u00e1le uzlov\u00e9 pol\u0161t\u00e1\u0159e. Maj\u00ed zaj\u00edmav\u00fd tvar a jsou kr\u00e1sn\u011b m\u011bkk\u00e9 a pohodln\u00e9. Vyr\u00e1b\u00ed se z&nbsp;mikrovl\u00e1kna, a proto jsou hebk\u00e9 na dotyk. Tyto pol\u0161t\u00e1\u0159e se hod\u00ed do ob\u00fdvac\u00edho pokoje v&nbsp;modern\u00edm stylu. M\u011bli bychom, ale db\u00e1t na to, \u017ee tyto pol\u0161t\u00e1\u0159e by se nej\u010dast\u011bji m\u011bli \u010distit ru\u010dn\u011b.\t\tD\u00e1le p\u0159i v\u00fdb\u011bru pol\u0161t\u00e1\u0159\u016f se nemus\u00edte b\u00e1t barev. V&nbsp;trendu jsou syt\u00e9 barvy a tak se nemus\u00edte b\u00e1t \u0161\u00e1hnout po fialov\u00e9, bord\u00f3 nebo po klasice \u010dern\u00e9 \u010di b\u00edl\u00e9 barv\u011b. Do modern\u00edch byt\u016f se hod\u00ed b\u00e9\u017eov\u00e1 nebo hn\u011bd\u00e1 barva. Dal\u0161\u00ed trendy barva je tmav\u011b modr\u00e1. Pol\u0161t\u00e1\u0159e bychom m\u011bly sladit s&nbsp;barvami, kter\u00e9 m\u00e1me v&nbsp;m\u00edstnosti. Pokud um\u00edst\u00edme pol\u0161t\u00e1\u0159e na pohovku stejn\u00e9 barvy, nemaj\u00ed jak vyniknout.\tPol\u0161t\u00e1\u0159e m\u016f\u017eou b\u00fdt zaj\u00edmav\u00e9 nejen svoj\u00ed barvou a tvarem, ale taky jim dod\u00e1 \u0161mrnc n\u011bjak\u00e1 p\u0159\u00edzdoba. Pol\u0161t\u00e1\u0159 se d\u00e1 d\u00e1le zdobit ma\u0161lemi, \u0161\u0148\u016frami, l\u00e1tkami, knofl\u00edky nebo dal\u0161\u00edmi ru\u010dn\u011b vyroben\u00fdmi ozdobami. Pokud se v\u00e1m bude cht\u00edt, m\u016f\u017eete si takov\u00fd kr\u00e1sn\u00fd dekorativn\u00ed pol\u0161t\u00e1\u0159ek vyrobit, t\u0159ebas si ho upl\u00e9st nebo u\u0161\u00edt. Zaru\u010den\u011b v\u00e1mi vyroben\u00fd pol\u0161t\u00e1\u0159ek , v\u00e1m ud\u011bl\u00e1 v\u011bt\u0161\u00ed radost, ne\u017e kupovan\u00fd.                                                                                                                                                                                                                                                                                                                                                                                        3.8\/5 - (5 votes)        "},{"@context":"https:\/\/schema.org\/","@type":"BreadcrumbList","itemListElement":[{"@type":"ListItem","position":1,"name":"Pol\u0161t\u00e1\u0159e jako kr\u00e1sn\u00e1 dekorace v na\u0161ich bytech","item":"https:\/\/www.clcomp.cz\/polstare-jako-krasna-dekorace-v-nasich-bytech\/#breadcrumbitem"}]}]