[{"@context":"https:\/\/schema.org\/","@type":"Blog","@id":"https:\/\/www.clcomp.cz#Blog","headline":"Clcomp","description":"\nPokud pot\u0159ebujete poradit s vhodnou reklamou, s PR kampan\u00ed \u010di podobn\u00fdmi z\u00e1le\u017eitostmi, neodch\u00e1zejte. Pr\u00e1v\u011b na na\u0161em webu jste na spr\u00e1vn\u00e9m m\u00edst\u011b.","url":"https:\/\/www.clcomp.cz","hasPart":[{"@type":"Article","@id":"https:\/\/www.clcomp.cz\/privatni-sauna\/","headline":"Priv\u00e1tn\u00ed sauna","url":"https:\/\/www.clcomp.cz\/privatni-sauna\/","datePublished":"2025-04-24","dateModified":"2025-04-24","mainEntityOfPage":"https:\/\/www.clcomp.cz\/privatni-sauna\/","author":{"@type":"Person","@id":"https:\/\/www.clcomp.cz\/author\/devene\/#Person","name":"devene","url":"https:\/\/www.clcomp.cz\/author\/devene\/","identifier":1,"image":{"@type":"ImageObject","@id":"https:\/\/secure.gravatar.com\/avatar\/cc56039f878f8e8e6c7e1eb22b366a601f7187d0f8d182368eef8adef545f35b?s=96&d=mm&r=g","url":"https:\/\/secure.gravatar.com\/avatar\/cc56039f878f8e8e6c7e1eb22b366a601f7187d0f8d182368eef8adef545f35b?s=96&d=mm&r=g","height":96,"width":96}},"publisher":{"@type":"Organization","name":"clcomp.cz","logo":{"@type":"ImageObject","@id":"\/logo.png","url":"\/logo.png","width":600,"height":60}},"image":null,"wordCount":217,"keywords":null},{"@type":"Article","@id":"https:\/\/www.clcomp.cz\/vip-cisla-se-vyplati\/","headline":"VIP \u010d\u00edsla se vyplat\u00ed","url":"https:\/\/www.clcomp.cz\/vip-cisla-se-vyplati\/","datePublished":"2025-04-18","dateModified":"2025-04-18","mainEntityOfPage":"https:\/\/www.clcomp.cz\/vip-cisla-se-vyplati\/","author":{"@type":"Person","@id":"https:\/\/www.clcomp.cz\/author\/devene\/#Person","name":"devene","url":"https:\/\/www.clcomp.cz\/author\/devene\/","identifier":1,"image":{"@type":"ImageObject","@id":"https:\/\/secure.gravatar.com\/avatar\/cc56039f878f8e8e6c7e1eb22b366a601f7187d0f8d182368eef8adef545f35b?s=96&d=mm&r=g","url":"https:\/\/secure.gravatar.com\/avatar\/cc56039f878f8e8e6c7e1eb22b366a601f7187d0f8d182368eef8adef545f35b?s=96&d=mm&r=g","height":96,"width":96}},"publisher":{"@type":"Organization","name":"clcomp.cz","logo":{"@type":"ImageObject","@id":"\/logo.png","url":"\/logo.png","width":600,"height":60}},"image":{"@type":"ImageObject","@id":"https:\/\/www.clcomp.cz\/wp-content\/uploads\/iphone-4130253_640_10_1.jpg","url":"https:\/\/www.clcomp.cz\/wp-content\/uploads\/iphone-4130253_640_10_1.jpg","height":0,"width":0},"wordCount":526,"keywords":null},{"@type":"Article","@id":"https:\/\/www.clcomp.cz\/vyzkousejte-dokonale-navrhy-interieru\/","headline":"Vyzkou\u0161ejte dokonal\u00e9 n\u00e1vrhy interi\u00e9r\u016f","url":"https:\/\/www.clcomp.cz\/vyzkousejte-dokonale-navrhy-interieru\/","datePublished":"2025-04-16","dateModified":"2025-04-16","mainEntityOfPage":"https:\/\/www.clcomp.cz\/vyzkousejte-dokonale-navrhy-interieru\/","author":{"@type":"Person","@id":"https:\/\/www.clcomp.cz\/author\/devene\/#Person","name":"devene","url":"https:\/\/www.clcomp.cz\/author\/devene\/","identifier":1,"image":{"@type":"ImageObject","@id":"https:\/\/secure.gravatar.com\/avatar\/cc56039f878f8e8e6c7e1eb22b366a601f7187d0f8d182368eef8adef545f35b?s=96&d=mm&r=g","url":"https:\/\/secure.gravatar.com\/avatar\/cc56039f878f8e8e6c7e1eb22b366a601f7187d0f8d182368eef8adef545f35b?s=96&d=mm&r=g","height":96,"width":96}},"publisher":{"@type":"Organization","name":"clcomp.cz","logo":{"@type":"ImageObject","@id":"\/logo.png","url":"\/logo.png","width":600,"height":60}},"image":null,"wordCount":207,"keywords":null},{"@type":"Article","@id":"https:\/\/www.clcomp.cz\/poradime-vam-s-nakupem-konopnych-vyrobku\/","headline":"Porad\u00edme v\u00e1m s n\u00e1kupem konopn\u00fdch v\u00fdrobk\u016f","url":"https:\/\/www.clcomp.cz\/poradime-vam-s-nakupem-konopnych-vyrobku\/","datePublished":"2025-04-08","dateModified":"2025-04-08","mainEntityOfPage":"https:\/\/www.clcomp.cz\/poradime-vam-s-nakupem-konopnych-vyrobku\/","author":{"@type":"Person","@id":"https:\/\/www.clcomp.cz\/author\/devene\/#Person","name":"devene","url":"https:\/\/www.clcomp.cz\/author\/devene\/","identifier":1,"image":{"@type":"ImageObject","@id":"https:\/\/secure.gravatar.com\/avatar\/cc56039f878f8e8e6c7e1eb22b366a601f7187d0f8d182368eef8adef545f35b?s=96&d=mm&r=g","url":"https:\/\/secure.gravatar.com\/avatar\/cc56039f878f8e8e6c7e1eb22b366a601f7187d0f8d182368eef8adef545f35b?s=96&d=mm&r=g","height":96,"width":96}},"publisher":{"@type":"Organization","name":"clcomp.cz","logo":{"@type":"ImageObject","@id":"\/logo.png","url":"\/logo.png","width":600,"height":60}},"image":null,"wordCount":228,"keywords":null},{"@type":"Article","@id":"https:\/\/www.clcomp.cz\/nepodcente-doplnky\/","headline":"Nepodce\u0148te dopl\u0148ky","url":"https:\/\/www.clcomp.cz\/nepodcente-doplnky\/","datePublished":"2025-04-01","dateModified":"2025-04-01","mainEntityOfPage":"https:\/\/www.clcomp.cz\/nepodcente-doplnky\/","author":{"@type":"Person","@id":"https:\/\/www.clcomp.cz\/author\/devene\/#Person","name":"devene","url":"https:\/\/www.clcomp.cz\/author\/devene\/","identifier":1,"image":{"@type":"ImageObject","@id":"https:\/\/secure.gravatar.com\/avatar\/cc56039f878f8e8e6c7e1eb22b366a601f7187d0f8d182368eef8adef545f35b?s=96&d=mm&r=g","url":"https:\/\/secure.gravatar.com\/avatar\/cc56039f878f8e8e6c7e1eb22b366a601f7187d0f8d182368eef8adef545f35b?s=96&d=mm&r=g","height":96,"width":96}},"publisher":{"@type":"Organization","name":"clcomp.cz","logo":{"@type":"ImageObject","@id":"\/logo.png","url":"\/logo.png","width":600,"height":60}},"image":null,"wordCount":243,"keywords":null},{"@type":"Article","@id":"https:\/\/www.clcomp.cz\/proc-si-vzit-hypoteku-na-vlastni-bydleni\/","headline":"Pro\u010d si vz\u00edt hypot\u00e9ku na vlastn\u00ed bydlen\u00ed?","url":"https:\/\/www.clcomp.cz\/proc-si-vzit-hypoteku-na-vlastni-bydleni\/","datePublished":"2025-03-29","dateModified":"2025-03-29","mainEntityOfPage":"https:\/\/www.clcomp.cz\/proc-si-vzit-hypoteku-na-vlastni-bydleni\/","author":{"@type":"Person","@id":"https:\/\/www.clcomp.cz\/author\/devene\/#Person","name":"devene","url":"https:\/\/www.clcomp.cz\/author\/devene\/","identifier":1,"image":{"@type":"ImageObject","@id":"https:\/\/secure.gravatar.com\/avatar\/cc56039f878f8e8e6c7e1eb22b366a601f7187d0f8d182368eef8adef545f35b?s=96&d=mm&r=g","url":"https:\/\/secure.gravatar.com\/avatar\/cc56039f878f8e8e6c7e1eb22b366a601f7187d0f8d182368eef8adef545f35b?s=96&d=mm&r=g","height":96,"width":96}},"publisher":{"@type":"Organization","name":"clcomp.cz","logo":{"@type":"ImageObject","@id":"\/logo.png","url":"\/logo.png","width":600,"height":60}},"image":{"@type":"ImageObject","@id":"https:\/\/www.clcomp.cz\/wp-content\/uploads\/tierra-mallorca-rgJ1J8SDEAY-unsplash%20(2)_2.jpg","url":"https:\/\/www.clcomp.cz\/wp-content\/uploads\/tierra-mallorca-rgJ1J8SDEAY-unsplash%20(2)_2.jpg","height":0,"width":0},"wordCount":654,"keywords":null},{"@type":"Article","@id":"https:\/\/www.clcomp.cz\/postele-z-masivu-byly-jsou-a-budou\/","headline":"Postele z masivu byly, jsou a budou","url":"https:\/\/www.clcomp.cz\/postele-z-masivu-byly-jsou-a-budou\/","datePublished":"2025-03-22","dateModified":"2025-03-22","mainEntityOfPage":"https:\/\/www.clcomp.cz\/postele-z-masivu-byly-jsou-a-budou\/","author":{"@type":"Person","@id":"https:\/\/www.clcomp.cz\/author\/devene\/#Person","name":"devene","url":"https:\/\/www.clcomp.cz\/author\/devene\/","identifier":1,"image":{"@type":"ImageObject","@id":"https:\/\/secure.gravatar.com\/avatar\/cc56039f878f8e8e6c7e1eb22b366a601f7187d0f8d182368eef8adef545f35b?s=96&d=mm&r=g","url":"https:\/\/secure.gravatar.com\/avatar\/cc56039f878f8e8e6c7e1eb22b366a601f7187d0f8d182368eef8adef545f35b?s=96&d=mm&r=g","height":96,"width":96}},"publisher":{"@type":"Organization","name":"clcomp.cz","logo":{"@type":"ImageObject","@id":"\/logo.png","url":"\/logo.png","width":600,"height":60}},"image":null,"wordCount":291,"keywords":null},{"@type":"Article","@id":"https:\/\/www.clcomp.cz\/a-nechame-si-betonovy-plot-radeji-postavit\/","headline":"A nech\u00e1me si betonov\u00fd plot rad\u011bji postavit","url":"https:\/\/www.clcomp.cz\/a-nechame-si-betonovy-plot-radeji-postavit\/","datePublished":"2025-03-17","dateModified":"2025-03-17","mainEntityOfPage":"https:\/\/www.clcomp.cz\/a-nechame-si-betonovy-plot-radeji-postavit\/","author":{"@type":"Person","@id":"https:\/\/www.clcomp.cz\/author\/devene\/#Person","name":"devene","url":"https:\/\/www.clcomp.cz\/author\/devene\/","identifier":1,"image":{"@type":"ImageObject","@id":"https:\/\/secure.gravatar.com\/avatar\/cc56039f878f8e8e6c7e1eb22b366a601f7187d0f8d182368eef8adef545f35b?s=96&d=mm&r=g","url":"https:\/\/secure.gravatar.com\/avatar\/cc56039f878f8e8e6c7e1eb22b366a601f7187d0f8d182368eef8adef545f35b?s=96&d=mm&r=g","height":96,"width":96}},"publisher":{"@type":"Organization","name":"clcomp.cz","logo":{"@type":"ImageObject","@id":"\/logo.png","url":"\/logo.png","width":600,"height":60}},"image":{"@type":"ImageObject","@id":"https:\/\/www.clcomp.cz\/wp-content\/uploads\/wall-1811772_640_2.jpg","url":"https:\/\/www.clcomp.cz\/wp-content\/uploads\/wall-1811772_640_2.jpg","height":0,"width":0},"wordCount":580,"keywords":null},{"@type":"Article","@id":"https:\/\/www.clcomp.cz\/pro-klid-na-praci\/","headline":"Pro klid na pr\u00e1ci","url":"https:\/\/www.clcomp.cz\/pro-klid-na-praci\/","datePublished":"2025-03-16","dateModified":"2025-03-16","mainEntityOfPage":"https:\/\/www.clcomp.cz\/pro-klid-na-praci\/","author":{"@type":"Person","@id":"https:\/\/www.clcomp.cz\/author\/devene\/#Person","name":"devene","url":"https:\/\/www.clcomp.cz\/author\/devene\/","identifier":1,"image":{"@type":"ImageObject","@id":"https:\/\/secure.gravatar.com\/avatar\/cc56039f878f8e8e6c7e1eb22b366a601f7187d0f8d182368eef8adef545f35b?s=96&d=mm&r=g","url":"https:\/\/secure.gravatar.com\/avatar\/cc56039f878f8e8e6c7e1eb22b366a601f7187d0f8d182368eef8adef545f35b?s=96&d=mm&r=g","height":96,"width":96}},"publisher":{"@type":"Organization","name":"clcomp.cz","logo":{"@type":"ImageObject","@id":"\/logo.png","url":"\/logo.png","width":600,"height":60}},"image":null,"wordCount":236,"keywords":null},{"@type":"Article","@id":"https:\/\/www.clcomp.cz\/sauna-praha\/","headline":"Sauna Praha","url":"https:\/\/www.clcomp.cz\/sauna-praha\/","datePublished":"2025-03-05","dateModified":"2025-03-05","mainEntityOfPage":"https:\/\/www.clcomp.cz\/sauna-praha\/","author":{"@type":"Person","@id":"https:\/\/www.clcomp.cz\/author\/devene\/#Person","name":"devene","url":"https:\/\/www.clcomp.cz\/author\/devene\/","identifier":1,"image":{"@type":"ImageObject","@id":"https:\/\/secure.gravatar.com\/avatar\/cc56039f878f8e8e6c7e1eb22b366a601f7187d0f8d182368eef8adef545f35b?s=96&d=mm&r=g","url":"https:\/\/secure.gravatar.com\/avatar\/cc56039f878f8e8e6c7e1eb22b366a601f7187d0f8d182368eef8adef545f35b?s=96&d=mm&r=g","height":96,"width":96}},"publisher":{"@type":"Organization","name":"clcomp.cz","logo":{"@type":"ImageObject","@id":"\/logo.png","url":"\/logo.png","width":600,"height":60}},"image":null,"wordCount":217,"keywords":null}]},{"@context":"https:\/\/schema.org","@type":"WebSite","@id":"https:\/\/www.clcomp.cz\/#website","name":"Clcomp","url":"https:\/\/www.clcomp.cz","potentialAction":{"@type":"SearchAction","target":"https:\/\/www.clcomp.cz\/?s={search_term_string}","query-input":"required name=search_term_string"}}]