[{"@context":"https:\/\/schema.org\/","@type":"Blog","@id":"https:\/\/www.clcomp.cz#Blog","headline":"Clcomp","description":"\nPokud pot\u0159ebujete poradit s vhodnou reklamou, s PR kampan\u00ed \u010di podobn\u00fdmi z\u00e1le\u017eitostmi, neodch\u00e1zejte. Pr\u00e1v\u011b na na\u0161em webu jste na spr\u00e1vn\u00e9m m\u00edst\u011b.","url":"https:\/\/www.clcomp.cz","hasPart":[{"@type":"Article","@id":"https:\/\/www.clcomp.cz\/pomocne-aplikace-mobilniho-telefonu\/","headline":"Pomocn\u00e9 aplikace mobiln\u00edho telefonu","url":"https:\/\/www.clcomp.cz\/pomocne-aplikace-mobilniho-telefonu\/","datePublished":"2021-09-01","dateModified":"2023-06-08","mainEntityOfPage":"https:\/\/www.clcomp.cz\/pomocne-aplikace-mobilniho-telefonu\/","author":{"@type":"Person","@id":"https:\/\/www.clcomp.cz\/author\/devene\/#Person","name":"devene","url":"https:\/\/www.clcomp.cz\/author\/devene\/","identifier":1,"image":{"@type":"ImageObject","@id":"https:\/\/secure.gravatar.com\/avatar\/cc56039f878f8e8e6c7e1eb22b366a601f7187d0f8d182368eef8adef545f35b?s=96&d=mm&r=g","url":"https:\/\/secure.gravatar.com\/avatar\/cc56039f878f8e8e6c7e1eb22b366a601f7187d0f8d182368eef8adef545f35b?s=96&d=mm&r=g","height":96,"width":96}},"publisher":{"@type":"Organization","name":"clcomp.cz","logo":{"@type":"ImageObject","@id":"\/logo.png","url":"\/logo.png","width":600,"height":60}},"image":{"@type":"ImageObject","@id":"https:\/\/www.clcomp.cz\/wp-content\/uploads\/Don%C3%A1%C5%A1ka%20j%C3%ADdla.png","url":"https:\/\/www.clcomp.cz\/wp-content\/uploads\/Don%C3%A1%C5%A1ka%20j%C3%ADdla.png","height":0,"width":0},"wordCount":634,"keywords":null},{"@type":"Article","@id":"https:\/\/www.clcomp.cz\/priprava-na-domaciho-mazlicka\/","headline":"P\u0159\u00edprava na dom\u00e1c\u00edho mazl\u00ed\u010dka","url":"https:\/\/www.clcomp.cz\/priprava-na-domaciho-mazlicka\/","datePublished":"2021-08-26","dateModified":"2023-06-08","mainEntityOfPage":"https:\/\/www.clcomp.cz\/priprava-na-domaciho-mazlicka\/","author":{"@type":"Person","@id":"https:\/\/www.clcomp.cz\/author\/devene\/#Person","name":"devene","url":"https:\/\/www.clcomp.cz\/author\/devene\/","identifier":1,"image":{"@type":"ImageObject","@id":"https:\/\/secure.gravatar.com\/avatar\/cc56039f878f8e8e6c7e1eb22b366a601f7187d0f8d182368eef8adef545f35b?s=96&d=mm&r=g","url":"https:\/\/secure.gravatar.com\/avatar\/cc56039f878f8e8e6c7e1eb22b366a601f7187d0f8d182368eef8adef545f35b?s=96&d=mm&r=g","height":96,"width":96}},"publisher":{"@type":"Organization","name":"clcomp.cz","logo":{"@type":"ImageObject","@id":"\/logo.png","url":"\/logo.png","width":600,"height":60}},"image":{"@type":"ImageObject","@id":"https:\/\/www.clcomp.cz\/wp-content\/uploads\/cat-1455468_960_720.jpg","url":"https:\/\/www.clcomp.cz\/wp-content\/uploads\/cat-1455468_960_720.jpg","height":0,"width":0},"wordCount":674,"keywords":null},{"@type":"Article","@id":"https:\/\/www.clcomp.cz\/bazen-na-zahradu\/","headline":"Baz\u00e9n na zahradu","url":"https:\/\/www.clcomp.cz\/bazen-na-zahradu\/","datePublished":"2021-08-07","dateModified":"2023-06-08","mainEntityOfPage":"https:\/\/www.clcomp.cz\/bazen-na-zahradu\/","author":{"@type":"Person","@id":"https:\/\/www.clcomp.cz\/author\/devene\/#Person","name":"devene","url":"https:\/\/www.clcomp.cz\/author\/devene\/","identifier":1,"image":{"@type":"ImageObject","@id":"https:\/\/secure.gravatar.com\/avatar\/cc56039f878f8e8e6c7e1eb22b366a601f7187d0f8d182368eef8adef545f35b?s=96&d=mm&r=g","url":"https:\/\/secure.gravatar.com\/avatar\/cc56039f878f8e8e6c7e1eb22b366a601f7187d0f8d182368eef8adef545f35b?s=96&d=mm&r=g","height":96,"width":96}},"publisher":{"@type":"Organization","name":"clcomp.cz","logo":{"@type":"ImageObject","@id":"\/logo.png","url":"\/logo.png","width":600,"height":60}},"image":{"@type":"ImageObject","@id":"https:\/\/www.clcomp.cz\/wp-content\/uploads\/bazen_1.jpg","url":"https:\/\/www.clcomp.cz\/wp-content\/uploads\/bazen_1.jpg","height":0,"width":0},"wordCount":572,"keywords":null},{"@type":"Article","@id":"https:\/\/www.clcomp.cz\/kontakty-a-galanterie\/","headline":"Kontakty a galanterie","url":"https:\/\/www.clcomp.cz\/kontakty-a-galanterie\/","datePublished":"2021-07-17","dateModified":"2021-07-17","mainEntityOfPage":"https:\/\/www.clcomp.cz\/kontakty-a-galanterie\/","author":{"@type":"Person","@id":"https:\/\/www.clcomp.cz\/author\/devene\/#Person","name":"devene","url":"https:\/\/www.clcomp.cz\/author\/devene\/","identifier":1,"image":{"@type":"ImageObject","@id":"https:\/\/secure.gravatar.com\/avatar\/cc56039f878f8e8e6c7e1eb22b366a601f7187d0f8d182368eef8adef545f35b?s=96&d=mm&r=g","url":"https:\/\/secure.gravatar.com\/avatar\/cc56039f878f8e8e6c7e1eb22b366a601f7187d0f8d182368eef8adef545f35b?s=96&d=mm&r=g","height":96,"width":96}},"publisher":{"@type":"Organization","name":"clcomp.cz","logo":{"@type":"ImageObject","@id":"\/logo.png","url":"\/logo.png","width":600,"height":60}},"image":{"@type":"ImageObject","@id":"https:\/\/www.clcomp.cz\/wp-content\/uploads\/mobiln%C3%AD%20telefon_3.PNG","url":"https:\/\/www.clcomp.cz\/wp-content\/uploads\/mobiln%C3%AD%20telefon_3.PNG","height":0,"width":0},"wordCount":757,"keywords":null},{"@type":"Article","@id":"https:\/\/www.clcomp.cz\/property-for-sale-in-spain\/","headline":"property for sale in spain","url":"https:\/\/www.clcomp.cz\/property-for-sale-in-spain\/","datePublished":"2021-06-16","dateModified":"2023-11-10","mainEntityOfPage":"https:\/\/www.clcomp.cz\/property-for-sale-in-spain\/","author":{"@type":"Person","@id":"https:\/\/www.clcomp.cz\/author\/devene\/#Person","name":"devene","url":"https:\/\/www.clcomp.cz\/author\/devene\/","identifier":1,"image":{"@type":"ImageObject","@id":"https:\/\/secure.gravatar.com\/avatar\/cc56039f878f8e8e6c7e1eb22b366a601f7187d0f8d182368eef8adef545f35b?s=96&d=mm&r=g","url":"https:\/\/secure.gravatar.com\/avatar\/cc56039f878f8e8e6c7e1eb22b366a601f7187d0f8d182368eef8adef545f35b?s=96&d=mm&r=g","height":96,"width":96}},"publisher":{"@type":"Organization","name":"clcomp.cz","logo":{"@type":"ImageObject","@id":"\/logo.png","url":"\/logo.png","width":600,"height":60}},"image":{"@type":"ImageObject","@id":"https:\/\/www.clcomp.cz\/wp-content\/uploads\/4f4c7c142a1ae.jpg","url":"https:\/\/www.clcomp.cz\/wp-content\/uploads\/4f4c7c142a1ae.jpg","height":0,"width":0},"wordCount":474,"keywords":null},{"@type":"Article","@id":"https:\/\/www.clcomp.cz\/saty-bez-raminek\/","headline":"\u0160aty bez ram\u00ednek","url":"https:\/\/www.clcomp.cz\/saty-bez-raminek\/","datePublished":"2021-04-30","dateModified":"2023-09-13","mainEntityOfPage":"https:\/\/www.clcomp.cz\/saty-bez-raminek\/","author":{"@type":"Person","@id":"https:\/\/www.clcomp.cz\/author\/devene\/#Person","name":"devene","url":"https:\/\/www.clcomp.cz\/author\/devene\/","identifier":1,"image":{"@type":"ImageObject","@id":"https:\/\/secure.gravatar.com\/avatar\/cc56039f878f8e8e6c7e1eb22b366a601f7187d0f8d182368eef8adef545f35b?s=96&d=mm&r=g","url":"https:\/\/secure.gravatar.com\/avatar\/cc56039f878f8e8e6c7e1eb22b366a601f7187d0f8d182368eef8adef545f35b?s=96&d=mm&r=g","height":96,"width":96}},"publisher":{"@type":"Organization","name":"clcomp.cz","logo":{"@type":"ImageObject","@id":"\/logo.png","url":"\/logo.png","width":600,"height":60}},"image":{"@type":"ImageObject","@id":"https:\/\/www.clcomp.cz\/wp-content\/uploads\/b%C3%ADl%C3%A9%20%C5%A1aty.PNG","url":"https:\/\/www.clcomp.cz\/wp-content\/uploads\/b%C3%ADl%C3%A9%20%C5%A1aty.PNG","height":0,"width":0},"wordCount":1148,"keywords":null},{"@type":"Article","@id":"https:\/\/www.clcomp.cz\/mate-malo-penez\/","headline":"M\u00e1te m\u00e1lo pen\u011bz?","url":"https:\/\/www.clcomp.cz\/mate-malo-penez\/","datePublished":"2021-03-19","dateModified":"2021-03-19","mainEntityOfPage":"https:\/\/www.clcomp.cz\/mate-malo-penez\/","author":{"@type":"Person","@id":"https:\/\/www.clcomp.cz\/author\/devene\/#Person","name":"devene","url":"https:\/\/www.clcomp.cz\/author\/devene\/","identifier":1,"image":{"@type":"ImageObject","@id":"https:\/\/secure.gravatar.com\/avatar\/cc56039f878f8e8e6c7e1eb22b366a601f7187d0f8d182368eef8adef545f35b?s=96&d=mm&r=g","url":"https:\/\/secure.gravatar.com\/avatar\/cc56039f878f8e8e6c7e1eb22b366a601f7187d0f8d182368eef8adef545f35b?s=96&d=mm&r=g","height":96,"width":96}},"publisher":{"@type":"Organization","name":"clcomp.cz","logo":{"@type":"ImageObject","@id":"\/logo.png","url":"\/logo.png","width":600,"height":60}},"image":{"@type":"ImageObject","@id":"https:\/\/www.clcomp.cz\/wp-content\/uploads\/stovky%20dolar%C5%AF_7.jpg","url":"https:\/\/www.clcomp.cz\/wp-content\/uploads\/stovky%20dolar%C5%AF_7.jpg","height":0,"width":0},"wordCount":646,"keywords":null},{"@type":"Article","@id":"https:\/\/www.clcomp.cz\/bankovni-ucet\/","headline":"Bankovn\u00ed \u00fa\u010det","url":"https:\/\/www.clcomp.cz\/bankovni-ucet\/","datePublished":"2021-01-17","dateModified":"2023-06-08","mainEntityOfPage":"https:\/\/www.clcomp.cz\/bankovni-ucet\/","author":{"@type":"Person","@id":"https:\/\/www.clcomp.cz\/author\/devene\/#Person","name":"devene","url":"https:\/\/www.clcomp.cz\/author\/devene\/","identifier":1,"image":{"@type":"ImageObject","@id":"https:\/\/secure.gravatar.com\/avatar\/cc56039f878f8e8e6c7e1eb22b366a601f7187d0f8d182368eef8adef545f35b?s=96&d=mm&r=g","url":"https:\/\/secure.gravatar.com\/avatar\/cc56039f878f8e8e6c7e1eb22b366a601f7187d0f8d182368eef8adef545f35b?s=96&d=mm&r=g","height":96,"width":96}},"publisher":{"@type":"Organization","name":"clcomp.cz","logo":{"@type":"ImageObject","@id":"\/logo.png","url":"\/logo.png","width":600,"height":60}},"image":{"@type":"ImageObject","@id":"https:\/\/www.clcomp.cz\/wp-content\/uploads\/prase%20a%20pen%C3%ADze.png","url":"https:\/\/www.clcomp.cz\/wp-content\/uploads\/prase%20a%20pen%C3%ADze.png","height":0,"width":0},"wordCount":1032,"keywords":null},{"@type":"Article","@id":"https:\/\/www.clcomp.cz\/cim-se-vyznacuji-rolety-den-a-noc\/","headline":"\u010c\u00edm se vyzna\u010duj\u00ed rolety den a noc","url":"https:\/\/www.clcomp.cz\/cim-se-vyznacuji-rolety-den-a-noc\/","datePublished":"2021-01-05","dateModified":"2023-09-15","mainEntityOfPage":"https:\/\/www.clcomp.cz\/cim-se-vyznacuji-rolety-den-a-noc\/","author":{"@type":"Person","@id":"https:\/\/www.clcomp.cz\/author\/devene\/#Person","name":"devene","url":"https:\/\/www.clcomp.cz\/author\/devene\/","identifier":1,"image":{"@type":"ImageObject","@id":"https:\/\/secure.gravatar.com\/avatar\/cc56039f878f8e8e6c7e1eb22b366a601f7187d0f8d182368eef8adef545f35b?s=96&d=mm&r=g","url":"https:\/\/secure.gravatar.com\/avatar\/cc56039f878f8e8e6c7e1eb22b366a601f7187d0f8d182368eef8adef545f35b?s=96&d=mm&r=g","height":96,"width":96}},"publisher":{"@type":"Organization","name":"clcomp.cz","logo":{"@type":"ImageObject","@id":"\/logo.png","url":"\/logo.png","width":600,"height":60}},"image":{"@type":"ImageObject","@id":"https:\/\/www.clcomp.cz\/wp-content\/uploads\/zast%C3%ADn%C4%9Bn%C3%AD%20oken.jpg","url":"https:\/\/www.clcomp.cz\/wp-content\/uploads\/zast%C3%ADn%C4%9Bn%C3%AD%20oken.jpg","height":0,"width":0},"wordCount":634,"keywords":null},{"@type":"Article","@id":"https:\/\/www.clcomp.cz\/montaz-nabytku-v-praze-muzete-sverit-i-stehovakum\/","headline":"Mont\u00e1\u017e n\u00e1bytku v Praze m\u016f\u017eete sv\u011b\u0159it i st\u011bhov\u00e1k\u016fm","url":"https:\/\/www.clcomp.cz\/montaz-nabytku-v-praze-muzete-sverit-i-stehovakum\/","datePublished":"2020-11-28","dateModified":"2023-06-08","mainEntityOfPage":"https:\/\/www.clcomp.cz\/montaz-nabytku-v-praze-muzete-sverit-i-stehovakum\/","author":{"@type":"Person","@id":"https:\/\/www.clcomp.cz\/author\/devene\/#Person","name":"devene","url":"https:\/\/www.clcomp.cz\/author\/devene\/","identifier":1,"image":{"@type":"ImageObject","@id":"https:\/\/secure.gravatar.com\/avatar\/cc56039f878f8e8e6c7e1eb22b366a601f7187d0f8d182368eef8adef545f35b?s=96&d=mm&r=g","url":"https:\/\/secure.gravatar.com\/avatar\/cc56039f878f8e8e6c7e1eb22b366a601f7187d0f8d182368eef8adef545f35b?s=96&d=mm&r=g","height":96,"width":96}},"publisher":{"@type":"Organization","name":"clcomp.cz","logo":{"@type":"ImageObject","@id":"\/logo.png","url":"\/logo.png","width":600,"height":60}},"image":{"@type":"ImageObject","@id":"https:\/\/www.clcomp.cz\/wp-content\/uploads\/n%C3%A1bytek%20v%20ob%C3%BDv%C3%A1ku.jpg","url":"https:\/\/www.clcomp.cz\/wp-content\/uploads\/n%C3%A1bytek%20v%20ob%C3%BDv%C3%A1ku.jpg","height":0,"width":0},"wordCount":678,"keywords":null}]},{"@context":"https:\/\/schema.org","@type":"WebSite","@id":"https:\/\/www.clcomp.cz\/#website","name":"Clcomp","url":"https:\/\/www.clcomp.cz","potentialAction":{"@type":"SearchAction","target":"https:\/\/www.clcomp.cz\/?s={search_term_string}","query-input":"required name=search_term_string"}}]