[{"@context":"https:\/\/schema.org\/","@type":"Article","@id":"https:\/\/www.clcomp.cz\/letosni-jaro-zacnete\/#Article","mainEntityOfPage":"https:\/\/www.clcomp.cz\/letosni-jaro-zacnete\/","headline":"Leto\u0161n\u00ed jaro za\u010dn\u011bte","name":"Leto\u0161n\u00ed jaro za\u010dn\u011bte","description":"Generace p\u0159ed n\u00e1mi nem\u011bly takov\u00e9 mo\u017enosti, jako m\u00e1me dnes my. Lid\u00e9 si zkr\u00e1tka nemohli zajet kdykoliv do obchodu a koupit si \u010derstvou zeleninu a ovoce. Do velk\u00e9 m\u00edry byli odk\u00e1z\u00e1ni [&hellip;]","datePublished":"2025-12-26","dateModified":"2025-12-26","author":{"@type":"Person","@id":"https:\/\/www.clcomp.cz\/author\/devene\/#Person","name":"devene","url":"https:\/\/www.clcomp.cz\/author\/devene\/","identifier":1,"image":{"@type":"ImageObject","@id":"https:\/\/secure.gravatar.com\/avatar\/cc56039f878f8e8e6c7e1eb22b366a601f7187d0f8d182368eef8adef545f35b?s=96&d=mm&r=g","url":"https:\/\/secure.gravatar.com\/avatar\/cc56039f878f8e8e6c7e1eb22b366a601f7187d0f8d182368eef8adef545f35b?s=96&d=mm&r=g","height":96,"width":96}},"publisher":{"@type":"Organization","name":"clcomp.cz","logo":{"@type":"ImageObject","@id":"\/logo.png","url":"\/logo.png","width":600,"height":60}},"image":{"@type":"ImageObject","@id":"https:\/\/www.clcomp.cz\/wp-content\/uploads\/pexels-yankrukov-5478860.jpg","url":"https:\/\/www.clcomp.cz\/wp-content\/uploads\/pexels-yankrukov-5478860.jpg","height":0,"width":0},"url":"https:\/\/www.clcomp.cz\/letosni-jaro-zacnete\/","about":["Zbo\u017e\u00ed"],"wordCount":392,"articleBody":"        Generace p\u0159ed n\u00e1mi nem\u011bly takov\u00e9 mo\u017enosti, jako m\u00e1me dnes my. Lid\u00e9 si zkr\u00e1tka nemohli zajet kdykoliv do obchodu a koupit si \u010derstvou zeleninu a ovoce. Do velk\u00e9 m\u00edry byli odk\u00e1z\u00e1ni na to, co si sami zvl\u00e1dli vyp\u011bstovat. Bohu\u017eel s t\u00edm, jak se rozmohly obchody se \u0161irok\u00fdm sortimentem a dobr\u00fdmi cenami, za\u010dali lid\u00e9 i ovoce a zeleninu v\u00edce nakupovat v obchodech. Zvykli si, \u017ee si mohou nakoupit kdykoliv a cokoliv pot\u0159ebuj\u00ed. V supermarketech zkr\u00e1tka najdete v\u0161echno. Bohu\u017eel dnes je kvalita ovoce a zeleniny v supermarketech ni\u017e\u0161\u00ed, a proto je lep\u0161\u00ed si nakupovat p\u0159\u00edmo u p\u011bstitel\u016f. Kdo chce j\u00edst ovoce a zeleninu po cel\u00fd rok a nechce si v\u0161echno kupovat v obchodech, m\u016f\u017ee si za\u010d\u00edt p\u011bstovat vlastn\u00ed v\u00fdp\u011bstky, kter\u00e9 lze velmi dob\u0159e uchovat i na zimu. Ko\u0159enovou zeleninu lze ulo\u017eit do chladn\u00e9ho prost\u0159ed\u00ed do p\u00edsku, r\u016fznou sezonn\u00ed zeleninu je mo\u017en\u00e9 zpracovat na r\u016fzn\u00e1 pesta, lze si vyrobit le\u010do nebo zeleninu zava\u0159it. Z ovoce lze ud\u011blat marmel\u00e1dy, kompoty a tak\u00e9 zmrzliny. M\u016f\u017eete si ud\u011blat do mraz\u00e1ku ovocn\u00e9 knedl\u00edky, kter\u00e9 si m\u016f\u017eete vychutnat t\u0159eba v zim\u011b. Abyste m\u011bli dostatek zeleniny, m\u016f\u017eete vyu\u017e\u00edt vlastn\u00ed zahradu a za\u010d\u00edt v n\u00ed p\u011bstovat. Pokud zahradu pou\u017e\u00edv\u00e1te sp\u00ed\u0161e k odpo\u010dinku, ur\u010dit\u011b se budete muset nejprve rozhodnout, kde budete m\u00edt z\u00e1hony. Je\u0161t\u011b v\u00e1s bude \u010dekat rozhodnut\u00ed, zda budete p\u011bstovat jen na z\u00e1honc\u00edch a nebo budete p\u011bstovat i ve sklen\u00edku. K p\u011bstov\u00e1n\u00ed jsou ide\u00e1ln\u00ed \u010desk\u00e9 sklen\u00edky, kter\u00e9 se vyzna\u010duj\u00ed vysok\u00e9 kvalitou, \u0161irokou nab\u00eddkou rozm\u011br\u016f a snadnou mont\u00e1\u017e\u00ed, kterou zvl\u00e1dne ka\u017ed\u00fd podle n\u00e1vodu. P\u011bstov\u00e1n\u00ed ve sklen\u00edku m\u00e1 mnoho v\u00fdhod. Rostliny jsou chr\u00e1n\u011bn\u00e9 p\u0159ed siln\u00fdm v\u011btrem, dlouhodob\u00fdm de\u0161t\u011bm i p\u0159ed kroupami. V zim\u011b ve sklen\u00edku m\u016f\u017eete rovn\u011b\u017e p\u011bstovat n\u011bkter\u00e9 druhy zeleniny, nebo v n\u011bm m\u016f\u017eete zazimovat kv\u011btiny. Sklen\u00edk nemus\u00ed zabrat mnoho m\u00edsta, v nab\u00eddce jsou i men\u0161\u00ed rozm\u011bry pro men\u0161\u00ed zahrady.                                                                                                                                                                                                                                                                                                                                                                                          5\/5 - (1 vote)        "},{"@context":"https:\/\/schema.org\/","@type":"BreadcrumbList","itemListElement":[{"@type":"ListItem","position":1,"name":"Leto\u0161n\u00ed jaro za\u010dn\u011bte","item":"https:\/\/www.clcomp.cz\/letosni-jaro-zacnete\/#breadcrumbitem"}]}]