[{"@context":"https:\/\/schema.org\/","@type":"Article","@id":"https:\/\/www.clcomp.cz\/jak-pripravit-nase-bydleni-na-nejkrasnejsi-svatky-roku\/#Article","mainEntityOfPage":"https:\/\/www.clcomp.cz\/jak-pripravit-nase-bydleni-na-nejkrasnejsi-svatky-roku\/","headline":"Jak p\u0159ipravit na\u0161e bydlen\u00ed na nejkr\u00e1sn\u011bj\u0161\u00ed sv\u00e1tky roku","name":"Jak p\u0159ipravit na\u0161e bydlen\u00ed na nejkr\u00e1sn\u011bj\u0161\u00ed sv\u00e1tky roku","description":"V&nbsp;hlavni roli sv\u011bt\u00fdlka Snad v&nbsp;ka\u017ed\u00e9 dom\u00e1cnosti se v&nbsp;dob\u011b adventu rozsv\u00edt\u00ed sv\u00edce na adventn\u00edm v\u011bnci. Pokud v\u0161ak m\u00e1te r\u00e1di sv\u011bt\u00fdlka, ur\u010dit\u011b zapln\u00edte va\u0161e obydl\u00ed r\u016fzn\u00fdmi sv\u00edcny, sv\u00ed\u010dkami, sv\u011bteln\u00fdmi \u0159et\u011bzy nebo t\u0159eba [&hellip;]","datePublished":"2019-11-19","dateModified":"2023-06-08","author":{"@type":"Person","@id":"https:\/\/www.clcomp.cz\/author\/devene\/#Person","name":"devene","url":"https:\/\/www.clcomp.cz\/author\/devene\/","identifier":1,"image":{"@type":"ImageObject","@id":"https:\/\/secure.gravatar.com\/avatar\/cc56039f878f8e8e6c7e1eb22b366a601f7187d0f8d182368eef8adef545f35b?s=96&d=mm&r=g","url":"https:\/\/secure.gravatar.com\/avatar\/cc56039f878f8e8e6c7e1eb22b366a601f7187d0f8d182368eef8adef545f35b?s=96&d=mm&r=g","height":96,"width":96}},"publisher":{"@type":"Organization","name":"clcomp.cz","logo":{"@type":"ImageObject","@id":"\/logo.png","url":"\/logo.png","width":600,"height":60}},"image":{"@type":"ImageObject","@id":"https:\/\/www.clcomp.cz\/wp-content\/uploads\/img_a362074_w4349_t1575056788.jpg","url":"https:\/\/www.clcomp.cz\/wp-content\/uploads\/img_a362074_w4349_t1575056788.jpg","height":0,"width":0},"url":"https:\/\/www.clcomp.cz\/jak-pripravit-nase-bydleni-na-nejkrasnejsi-svatky-roku\/","about":["Byt"],"wordCount":508,"articleBody":"V&nbsp;hlavni roli sv\u011bt\u00fdlka\tSnad v&nbsp;ka\u017ed\u00e9 dom\u00e1cnosti se v&nbsp;dob\u011b adventu rozsv\u00edt\u00ed sv\u00edce na adventn\u00edm v\u011bnci. Pokud v\u0161ak m\u00e1te r\u00e1di sv\u011bt\u00fdlka, ur\u010dit\u011b zapln\u00edte va\u0161e obydl\u00ed r\u016fzn\u00fdmi sv\u00edcny, sv\u00ed\u010dkami, sv\u011bteln\u00fdmi \u0159et\u011bzy nebo t\u0159eba sv\u00edt\u00edc\u00edmi zv\u00ed\u0159\u00e1tky. Fantazii se meze nekladou. N\u011bkomu se to bude zd\u00e1t jako k\u00fd\u010d, ale vkus ka\u017ed\u00e9ho je individu\u00e1ln\u00ed. A jestli snad m\u00e1te d\u011bti, mus\u00edte potvrdit, \u017ee ty sv\u011bt\u00fdlka v\u0161ech druh\u016f zbo\u017e\u0148uj\u00ed. I na v\u00e1no\u010dn\u00ed strome\u010dek pat\u0159\u00ed sv\u011bteln\u00e9 \u0159et\u011bzy, a\u0165 u\u017e jednobarevn\u00e9 nebo v\u00edcebarevn\u00e9. M\u016f\u017eeme si vybrat z&nbsp;klasick\u00fdch variant a\u017e po netypick\u00e9 ve tvaru dome\u010dk\u016f, sob\u016f, kuli\u010dek nebo sn\u011bhul\u00e1k\u016f. Nebo m\u016f\u017eeme kombinovat typick\u00e9 s&nbsp;atypick\u00fdm. A kdo nevyhled\u00e1v\u00e1 ani jednu tuto mo\u017enost, m\u016f\u017ee zvolit prskavky nebo klasick\u00e9 sv\u00ed\u010dky.\t\tV\u00e1no\u010dn\u00ed v\u016fn\u011b\tN\u011bkomu vyhovuje jemn\u00e1 v\u016fn\u011b vanilky, jin\u00fd vol\u00ed pln\u00e9 t\u00f3ny sko\u0159ice a h\u0159eb\u00ed\u010dku. Na v\u00fdb\u011br m\u00e1te z&nbsp;velk\u00e9 \u0161k\u00e1ly v\u016fn\u00ed a sv\u00ed\u010dek. N\u011bkte\u0159\u00ed v\u00fdrobci pro toto obdob\u00ed vym\u00fd\u0161l\u00ed nov\u00e9 a nev\u0161edn\u00ed t\u00f3ny, jako t\u0159eba v\u016fn\u011b pern\u00ed\u010dk\u016f, v\u00e1no\u010dn\u00edho cukrov\u00ed nebo zimn\u00ed krajina. Pokud jste milovn\u00edkem aroma lampi\u010dek, po\u0159i\u010fte si pro toto obdob\u00ed n\u011bjak\u00fd v\u00e1no\u010dn\u00ed olej\u00ed\u010dek. Nic ov\u0161em nenahrad\u00ed v\u016fni purpury nebo franti\u0161ku.\tSpr\u00e1vn\u00e1 volba povle\u010den\u00ed \tV&nbsp;zimn\u00edm obdob\u00ed je spr\u00e1vnou volbou h\u0159ejiv\u00e9 lo\u017en\u00ed povle\u010den\u00ed. Vol\u00edme proto materi\u00e1l flanel, ply\u0161, mikroflanel nebo mikroply\u0161. Jsou p\u0159\u00edjemn\u00e9 na dotyk, kr\u00e1sn\u011b dr\u017e\u00ed teplo a nepot\u0159ebuj\u00ed \u017e\u00e1dnou speci\u00e1ln\u00ed p\u00e9\u010di. Pokud nav\u00edc zvol\u00edme s&nbsp;v\u00e1no\u010dn\u00edm motivem, jist\u011b t\u00edm stylov\u011b dopln\u00edme na\u0161i dom\u00e1cnost. M\u016f\u017eeme k&nbsp;tomu zvolit i kr\u00e1sn\u011b chlupat\u00e9 povlaky na pol\u0161t\u00e1\u0159ky a tepl\u00e9 pleten\u00e9 pl\u00e9dy a m\u00e1me jistotu, \u017ee v\u00e1no\u010dn\u00ed sv\u00e1tky str\u00e1v\u00edme zachumlan\u00ed u televize. N\u00e1\u0161 byt kr\u00e1sn\u011b dopln\u00ed dekorativn\u00ed pol\u0161t\u00e1\u0159ky, r\u016fzn\u00e9 p\u0159ehozy, v\u00e1no\u010dn\u00ed ubrusy nebo jen prost\u00edr\u00e1n\u00ed. Je na ka\u017ed\u00e9m, co si do sv\u00e9ho domu p\u0159edstavuje.\t\tDopl\u0148ky nesm\u00edme vynechat\tPokud m\u00e1te smysl pro detail, nesm\u00edte zapomenout na to nejd\u016fle\u017eit\u011bj\u0161\u00ed, a to jsou lucerny, postavi\u010dky sob\u016f a sk\u0159\u00edtk\u016f. Ty jist\u011b ocen\u00ed i d\u011bti, jeliko\u017e se mohou pod\u00edlet na jejich v\u00fdrob\u011b. Na oknech nesm\u00ed chyb\u011bt sn\u011bhov\u00e9 vlo\u010dky nebo samotn\u00fd um\u011bl\u00fd sn\u00edh. \u0160ikovn\u00e9 ru\u010di\u010dky si vyrob\u00ed spoustu v\u011bc\u00ed samy, ostatn\u00ed daj\u00ed p\u0159ednost v\u00fdb\u011bru v&nbsp;obchodech. Hlavn\u00ed je, abychom se doma c\u00edtili dob\u0159e a \u00fatuln\u011b. \t&nbsp;                                                                                                                                                                                                                                                                                                                                                                                        4.6\/5 - (7 votes)        "},{"@context":"https:\/\/schema.org\/","@type":"BreadcrumbList","itemListElement":[{"@type":"ListItem","position":1,"name":"Jak p\u0159ipravit na\u0161e bydlen\u00ed na nejkr\u00e1sn\u011bj\u0161\u00ed sv\u00e1tky roku","item":"https:\/\/www.clcomp.cz\/jak-pripravit-nase-bydleni-na-nejkrasnejsi-svatky-roku\/#breadcrumbitem"}]}]