[{"@context":"https:\/\/schema.org\/","@type":"Article","@id":"https:\/\/www.clcomp.cz\/bavme-se\/#Article","mainEntityOfPage":"https:\/\/www.clcomp.cz\/bavme-se\/","headline":"Bavme se","name":"Bavme se","description":"U\u017e v\u00e1s to v\u00e1\u017en\u011b nebav\u00ed? Sly\u0161eli jste, \u010detli nebo i na vlastn\u00ed o\u010di vid\u011bli, co v\u0161echno se d\u011bje v sousedn\u00ed obci a jak\u00e9 mo\u017enosti sk\u00fdt\u00e1 okresn\u00ed a dokonce krajsk\u00e9 m\u011bsto, [&hellip;]","datePublished":"2018-12-19","dateModified":"2023-06-08","author":{"@type":"Person","@id":"https:\/\/www.clcomp.cz\/author\/devene\/#Person","name":"devene","url":"https:\/\/www.clcomp.cz\/author\/devene\/","identifier":1,"image":{"@type":"ImageObject","@id":"https:\/\/secure.gravatar.com\/avatar\/cc56039f878f8e8e6c7e1eb22b366a601f7187d0f8d182368eef8adef545f35b?s=96&d=mm&r=g","url":"https:\/\/secure.gravatar.com\/avatar\/cc56039f878f8e8e6c7e1eb22b366a601f7187d0f8d182368eef8adef545f35b?s=96&d=mm&r=g","height":96,"width":96}},"publisher":{"@type":"Organization","name":"clcomp.cz","logo":{"@type":"ImageObject","@id":"\/logo.png","url":"\/logo.png","width":600,"height":60}},"image":{"@type":"ImageObject","@id":"https:\/\/www.clcomp.cz\/wp-content\/uploads\/img_a332796_w2304_t1545857207.jpg","url":"https:\/\/www.clcomp.cz\/wp-content\/uploads\/img_a332796_w2304_t1545857207.jpg","height":0,"width":0},"url":"https:\/\/www.clcomp.cz\/bavme-se\/","wordCount":493,"articleBody":"U\u017e v\u00e1s to v\u00e1\u017en\u011b nebav\u00ed? Sly\u0161eli jste, \u010detli nebo i na vlastn\u00ed o\u010di vid\u011bli, co v\u0161echno se d\u011bje v sousedn\u00ed obci a jak\u00e9 mo\u017enosti sk\u00fdt\u00e1 okresn\u00ed a dokonce krajsk\u00e9 m\u011bsto, o na\u0161\u00ed metropoli pak ani nemluv\u011b? Z\u00e1vid\u00edte, \u017ee maj\u00ed v sousedn\u00ed obci kino, \u017ee tam po\u0159\u00e1daj\u00ed diskot\u00e9ky, lidov\u00e9 veselice, besedy se zaj\u00edmav\u00fdmi hosty, \u017ee tam organizuj\u00ed pro sv\u00e9 spoluob\u010dany v\u00fdlety, z\u00e1jezdy a kdo v\u00ed, co v\u0161echno je\u0161t\u011b, zat\u00edmco u v\u00e1s je ticho po p\u011b\u0161in\u011b a nezd\u00e1 se, \u017ee se v\u016fbec n\u011bkdy n\u011bkdo rozhoupe a zorganizuje aspo\u0148 n\u011bco by\u0165 i jenom sebem\u00e9n\u011b zaj\u00edmav\u00e9ho, \u010d\u00edm by se dal ukr\u00e1tit \u010das? Propad\u00e1te pomalu letargii nebo v\u00e1\u017en\u011b uva\u017eujete o tom, \u017ee se z\u0159ejm\u011b co nevid\u011bt seberete a odst\u011bhujete se rad\u011bji n\u011bkam, kde to \u017eije? Jist\u011b, i to je \u0159e\u0161en\u00ed, i to je mo\u017en\u00e9. Ale rozhodn\u011b se ned\u00e1 \u0159\u00edci, \u017ee by to bylo p\u0159esn\u011b to, co byste m\u011bli u\u010dinit. Proto\u017ee t\u00edm se situace zm\u011bn\u00ed k lep\u0161\u00edmu pro v\u00e1s osobn\u011b, ale ostatn\u00edm to nep\u0159inese zhola nic. A p\u0159ece byste nebyli takov\u00ed sobci, nebo snad ano? P\u0159ece byste se nespasili \u00fat\u011bkem a ty ostatn\u00ed, na nich\u017e v\u00e1m z\u00e1le\u017e\u00ed, v tom nenechali! Kdy\u017e tomu tak p\u0159ece v\u016fbec b\u00fdt nemus\u00ed. Kdy\u017e se ti, kdo to maj\u00ed v n\u00e1plni pr\u00e1ce, ne\u010din\u00ed, v\u017edy p\u0159ece existuje mo\u017enost chopit se iniciativy sami. A podniknout n\u011bco na vlastn\u00ed triko. M\u016f\u017eete si i sami zorganizovat dejme tomu fotbalov\u00e9 kl\u00e1n\u00ed. Nebo koncert, nebo jakoukoliv jinou sout\u011b\u017e. D\u00edky  na tom nen\u00ed v\u011bru zase nic a\u017e tak t\u011b\u017ek\u00e9ho. Sta\u010d\u00ed si takovou ve\u0159ejnou akci dob\u0159e promyslet a napl\u00e1novat, pak si obstarat seznam toho, co v\u0161echno k tomu bude zapot\u0159eb\u00ed, od n\u00e1bytku p\u0159es st\u00e1nky s ob\u010derstven\u00edm a suven\u00fdry a\u017e po nev\u00edm co je\u0161t\u011b, a nakonec nezapomenout t\u0159eba ani na takov\u00fd \u201edetail\u201c, jako je zdroj elektrick\u00e9ho proudu. Proto\u017ee si p\u0159iznejme, \u017ee se dnes jen t\u011b\u017eko najde n\u011bjak\u00e1 ta v\u011bt\u0161\u00ed akce, ji\u017e by bylo mo\u017eno zrealizovat zcela bez elekt\u0159iny. A pokud nen\u00ed vhodn\u00fd zdroj k m\u00e1n\u00ed? Pokud nen\u00ed odkud pot\u0159ebn\u00e9 mno\u017estv\u00ed energie \u010derpat, nebo v\u00e1m to t\u0159eba \u00fa\u0159edn\u00ed \u0161iml nedovol\u00ed? Ani pak nen\u00ed nic ztraceno. Proto\u017ee si lze v\u017edycky objednat t\u0159eba elektrocentr\u00e1ly Ostrava, \u010d\u00edm\u017e je tento probl\u00e9m vy\u0159e\u0161en. A vy se kone\u010dn\u011b m\u016f\u017eete bavit. A t\u0159eba b\u00fdt i hrd\u00ed na to, \u017ee tentokr\u00e1t pro zm\u011bnu lid\u00e9 ze sousedn\u00ed obce nebo i v\u011bt\u0161\u00edho m\u011bsta z\u00e1vid\u00ed v\u00e1m.                                                                                                                                                                                                                                                                                                                                                                                        4.2\/5 - (12 votes)        "},{"@context":"https:\/\/schema.org\/","@type":"BreadcrumbList","itemListElement":[{"@type":"ListItem","position":1,"name":"Bavme se","item":"https:\/\/www.clcomp.cz\/bavme-se\/#breadcrumbitem"}]}]